{"id":488,"date":"2020-03-15T22:56:17","date_gmt":"2020-03-15T21:56:17","guid":{"rendered":"http:\/\/duodecim.info\/grandeur_nature\/?p=488"},"modified":"2021-09-17T08:47:59","modified_gmt":"2021-09-17T06:47:59","slug":"report","status":"publish","type":"post","link":"https:\/\/duodecim.info\/grandeur_nature\/2020\/03\/15\/report\/","title":{"rendered":"Report du GN en <del>2021<\/del> 2022"},"content":{"rendered":"<p style=\"font-size: 18px;\"><strong>Information importante concernant Le Lai d\u2019Avalon<\/strong><\/p>\n<p>&nbsp;<\/p>\n<p style=\"font-size: 17px; text-align: justify;\">La situation actuelle ne nous permet pas d\u2019envisager sereinement la tenue de notre GN en juillet 2020 comme pr\u00e9vu. L\u2019incertitude est trop grande et une annulation de derni\u00e8re minute mettrait en danger les finances de l\u2019association et notre capacit\u00e9 \u00e0 organiser d\u2019autres GN par la suite.<\/p>\n<p style=\"font-size: 17px; text-align: justify;\"><strong>Aussi nous avons d\u00e9cid\u00e9 de reporter le Lai d\u2019Avalon au <del>23-24-25 juillet 2021<\/del> <span style=\"color: #3366ff;\">22-23-24 juillet 2022<\/span> (cette fois, c&rsquo;est la bonne&#8230;!), toujours au ch\u00e2teau de Vermette que nous remercions pour son soutien et sa compr\u00e9hension.<\/strong><\/p>\n<p style=\"font-size: 17px; text-align: justify;\">Les personnes d\u00e9j\u00e0 inscrits en PJ comme en PNJ vont \u00eatre contact\u00e9es par mail dans les prochains jours et auront le choix entre \u00eatre rembours\u00e9s int\u00e9gralement sous 15 jours ou maintenir leur inscription pour l\u2019ann\u00e9e prochaine. Pour ceux qui souhaitent garder leur place pour l\u2019an prochain (et on vous remercie d\u2019avance !), il sera toujours possible pour eux d\u2019annuler leur participation en fonction de leur emploi du temps et de leurs contraintes professionnelles ou familiales encore inconnues jusqu\u2019au 31 mars 2021, sans justificatif.<\/p>\n<p style=\"font-size: 17px; text-align: justify;\">Les joueurs qui auront demand\u00e9 le remboursement pourront tout \u00e0 fait, s\u2019ils le souhaitent, se r\u00e9inscrire pour la session 2021 d\u00e8s qu\u2019ils le souhaiteront bien \u00e9videmment.<\/p>\n<p style=\"font-size: 18px;\"><strong>Pourquoi un tel choix ? et pourquoi maintenant ?<\/strong><\/p>\n<p style=\"font-size: 17px; text-align: justify;\">Tout d\u2019abord, nous suivons de tr\u00e8s pr\u00e8s l\u2019\u00e9volution de la situation depuis plusieurs semaines comme vous pouvez vous en douter. Nous avons donc mis en place une organisation qui nous permet d\u2019avancer sur le GN tout en stoppant tous les investissements les plus lourds. Cependant, les achats n\u00e9cessaires pour la bonne tenue du GN devraient \u00eatre faits dans les prochaines semaines afin de ne pas proposer une session au rabais. Nous pouvons donc encore reporter le GN aujourd\u2019hui sans que cela n\u2019ait trop de cons\u00e9quence pour notre association, mais cela deviendrait de plus en plus hasardeux au fil des jours.<\/p>\n<p style=\"font-size: 17px; text-align: justify;\">Par ailleurs, nous sommes, comme vous, impact\u00e9s par la pand\u00e9mie, notamment professionnellement et financi\u00e8rement, \u00e0 titre individuels, et certains d\u2019entre nous ne pourront probablement pas \u00eatre autant disponibles qu\u2019ils le souhaiteraient dans les prochaines semaines.<\/p>\n<p style=\"font-size: 17px; text-align: justify;\">Enfin, nous constatons que nos joueurs (inscrits, ou potentiels) sont eux aussi dans le flou concernant la p\u00e9riode estivale. Devront-ils \u201crattraper\u201d du travail \u00e0 ce moment l\u00e0 ? Auront-ils financi\u00e8rement la capacit\u00e9 de s\u2019investir (le gn est malheureusement une activit\u00e9 ludique assez co\u00fbteuse) ? Auront-ils le temps et la possibilit\u00e9 de confectionner leur costume ou de l\u2019acheter ? Bref, beaucoup trop d\u2019incertitudes pour vous, comme pour nous.<\/p>\n<p>&nbsp;<\/p>\n<p style=\"font-size: 17px; text-align: justify;\"><strong>Rendez-vous donc du <del>23 au 25 juillet 2021<\/del> <span style=\"color: #3366ff;\">22 au 24 juillet 2022<\/span> pour le Chant II des Survivants de l\u2019\u00cele-Monde : Le Lai d\u2019Avalon<\/strong>, nous ferons en sorte que ce temps suppl\u00e9mentaire soit une chance de vous fournir des intrigues et des personnages encore plus int\u00e9ressants ! Et d\u2019ici l\u00e0, prenez soin de vous et de vos proches.<\/p>\n<p style=\"font-size: 17px; text-align: justify;\">Et pour ceux en manque de GN cet \u00e9t\u00e9, voici quelques \u00e9v\u00e8nements qui sont \u00e0 priori maintenus :<\/p>\n<ul>\n<li>\n<p style=\"font-size: 17px; text-align: justify;\">L\u2019Invitation &#8211; du 25 au 27\/09\/2020 par nos amis de Time Freeze, au ch\u00e2teau de Vermette eux aussi (<a href=\"https:\/\/www.facebook.com\/events\/439576883386566\/\">Lien<\/a>)<\/p>\n<\/li>\n<li>\n<p style=\"font-size: 17px; text-align: justify;\">Kaom : Cons\u00e9quences &#8211; du 24 au 26 juillet 2020 par les Enfants de la G\u00e9henne, \u00e9galement sur le terrain d\u2019Oz (49)<br \/>\n(<a href=\"https:\/\/www.facebook.com\/events\/1072264629817226\/\">Lien<\/a>)<\/p>\n<\/li>\n<\/ul>\n<p style=\"font-size: 17px; text-align: right;\">Le comit\u00e9 Duodecim \/\/ GNeuh<\/p>\n","protected":false},"excerpt":{"rendered":"<p>Information importante concernant Le Lai d\u2019Avalon &nbsp; La situation actuelle ne nous permet pas d\u2019envisager sereinement la tenue de notre GN en juillet 2020 comme pr\u00e9vu. L\u2019incertitude est trop grande et une annulation de derni\u00e8re minute mettrait en danger les finances de l\u2019association et notre capacit\u00e9 \u00e0 organiser d\u2019autres GN<\/p>\n","protected":false},"author":2,"featured_media":567,"comment_status":"closed","ping_status":"open","sticky":false,"template":"","format":"standard","meta":[],"categories":[4],"tags":[],"_links":{"self":[{"href":"https:\/\/duodecim.info\/grandeur_nature\/wp-json\/wp\/v2\/posts\/488"}],"collection":[{"href":"https:\/\/duodecim.info\/grandeur_nature\/wp-json\/wp\/v2\/posts"}],"about":[{"href":"https:\/\/duodecim.info\/grandeur_nature\/wp-json\/wp\/v2\/types\/post"}],"author":[{"embeddable":true,"href":"https:\/\/duodecim.info\/grandeur_nature\/wp-json\/wp\/v2\/users\/2"}],"replies":[{"embeddable":true,"href":"https:\/\/duodecim.info\/grandeur_nature\/wp-json\/wp\/v2\/comments?post=488"}],"version-history":[{"count":6,"href":"https:\/\/duodecim.info\/grandeur_nature\/wp-json\/wp\/v2\/posts\/488\/revisions"}],"predecessor-version":[{"id":573,"href":"https:\/\/duodecim.info\/grandeur_nature\/wp-json\/wp\/v2\/posts\/488\/revisions\/573"}],"wp:featuredmedia":[{"embeddable":true,"href":"https:\/\/duodecim.info\/grandeur_nature\/wp-json\/wp\/v2\/media\/567"}],"wp:attachment":[{"href":"https:\/\/duodecim.info\/grandeur_nature\/wp-json\/wp\/v2\/media?parent=488"}],"wp:term":[{"taxonomy":"category","embeddable":true,"href":"https:\/\/duodecim.info\/grandeur_nature\/wp-json\/wp\/v2\/categories?post=488"},{"taxonomy":"post_tag","embeddable":true,"href":"https:\/\/duodecim.info\/grandeur_nature\/wp-json\/wp\/v2\/tags?post=488"}],"curies":[{"name":"wp","href":"https:\/\/api.w.org\/{rel}","templated":true}]}}